[{"@context":"https:\/\/schema.org\/","@type":"Article","@id":"https:\/\/www.interkit.cz\/jakou-zvolit-barvu-kabelky-vsadte-na-oranzovou\/#Article","mainEntityOfPage":"https:\/\/www.interkit.cz\/jakou-zvolit-barvu-kabelky-vsadte-na-oranzovou\/","headline":"Jakou zvolit barvu kabelky \u2013 vsa\u010fte na oran\u017eovou","name":"Jakou zvolit barvu kabelky \u2013 vsa\u010fte na oran\u017eovou","description":"R\u00e1dy vy\u010dn\u00edv\u00e1te z \u0159ady v r\u016fzn\u00fdch oblastech? Nejdete s davem jako ovce, co se m\u00f3dy a stylu obl\u00e9k\u00e1n\u00ed t\u00fd\u010de?.","datePublished":"2017-12-13","dateModified":"2023-05-06","author":{"@type":"Person","@id":"https:\/\/www.interkit.cz\/author\/devene\/#Person","name":"devene","url":"https:\/\/www.interkit.cz\/author\/devene\/","identifier":1,"image":{"@type":"ImageObject","@id":"https:\/\/secure.gravatar.com\/avatar\/75822ebcb33f26a58f54da5d813b950f2ea435f36540e293975e215a51d4a023?s=96&d=mm&r=g","url":"https:\/\/secure.gravatar.com\/avatar\/75822ebcb33f26a58f54da5d813b950f2ea435f36540e293975e215a51d4a023?s=96&d=mm&r=g","height":96,"width":96}},"publisher":{"@type":"Organization","name":"interkit.cz","logo":{"@type":"ImageObject","@id":"\/logo.png","url":"\/logo.png","width":600,"height":60}},"image":{"@type":"ImageObject","@id":"https:\/\/www.interkit.cz\/wp-content\/uploads\/img_a315842_w2435_t1526760952.jpg","url":"https:\/\/www.interkit.cz\/wp-content\/uploads\/img_a315842_w2435_t1526760952.jpg","height":0,"width":0},"url":"https:\/\/www.interkit.cz\/jakou-zvolit-barvu-kabelky-vsadte-na-oranzovou\/","about":["Lifestyle"],"wordCount":420,"articleBody":"        R\u00e1dy vy\u010dn\u00edv\u00e1te z \u0159ady v r\u016fzn\u00fdch oblastech? Nejdete s davem jako ovce, co se m\u00f3dy a stylu obl\u00e9k\u00e1n\u00ed t\u00fd\u010de? Pokud milujete pestr\u00e9 a z\u00e1\u0159iv\u00e9 barvy, pak jste tu na spr\u00e1vn\u00e9 adrese. Vylep\u0161ete v\u00e1\u0161 osobit\u00fd styl o jednu z\u00e1\u0159ivou a pestrobarevnou oran\u017eovou kabelku a v\u011b\u0159te, \u017ee s tou s davem rozhodn\u011b nep\u016fjdete. Naopak budete z\u00e1\u0159it na m\u00edle daleko. Pozvedn\u011bte va\u0161i \u017eenskost a osobitost pomoc\u00ed chyt\u0159e \u0159e\u0161en\u00e9ho m\u00f3dn\u00edho dopl\u0148ku, kter\u00fdm nen\u00ed nic jin\u00e9ho ne\u017e praktick\u00e1 ta\u0161ka. Bu\u010fte sv\u00e1, jedine\u010dn\u00e1 a osobit\u00e1 s novou m\u00f3dn\u00ed kabelkou od zn\u00e1m\u00e9 italsk\u00e9 zna\u010dky. Pro\u010d si nezlep\u0161ovat n\u00e1ladu p\u011bkn\u00fdmi barvami, kter\u00e9 p\u016fsob\u00ed na lidskou psychiku jako \u017eivotabudi\u010d a slou\u017e\u00ed tak\u00e9 k navozov\u00e1n\u00ed pozitivn\u00ed n\u00e1lady. V\u017edy\u0165 barev je tolik, tak pro\u010d nosit jen \u010dernou nebo hn\u011bdou kabelku. Mo\u017enost\u00ed je p\u0159ece tolik a sta\u010d\u00ed tak m\u00e1lo a r\u00e1zem m\u016f\u017eete m\u00edt skv\u011bl\u00fd outfit na sv\u011bt\u011b. Nevyh\u00fdbejte se proto barv\u00e1m ve va\u0161em \u0161atn\u00edku a dop\u0159ejte si pestr\u00e9 barvy nejen na va\u0161em oble\u010den\u00ed, ale tak\u00e9 i na va\u0161ich m\u00f3dn\u00edch dopl\u0148c\u00edch. Praktick\u00e1 oran\u017eov\u00e1 kabelka je m\u00f3dn\u00ed a stylov\u00e1, ostudu s n\u00ed rozhodn\u011b nikde neud\u011bl\u00e1te, na to se m\u016f\u017eete spolehnout. Vybo\u010dte s \u0159ady t\u00edmto n\u00e1padit\u00fdm a stylov\u00fdm m\u00f3dn\u00edm dopl\u0148kem a nebu\u010fte za \u0161edou my\u0161ku. Je \u010das to po\u0159\u00e1dn\u011b rozjet a vydat se do sv\u011bta v pestrobarevn\u00e9m outfitu se z\u00e1\u0159iv\u00fdmi m\u00f3dn\u00edmi dopl\u0148ky. Ta\u0161ka v t\u00e9to p\u011bkn\u00e9 a pozitivn\u011b nalad\u011bn\u00e9 barv\u011b v\u00e1m zlep\u0161\u00ed v\u00e1\u0161 zd\u00e1nliv\u011b pochmurn\u00fd den. Ta\u0161ka od zn\u00e1m\u00e9 italsk\u00e9 zna\u010dky se vyzna\u010duje vysokou m\u00f3dnost\u00ed, je praktick\u00e1 a disponuje n\u011bkolika \u00falo\u017en\u00fdmi kapsami. Je ozdoben\u00e1 tak\u00e9 mal\u00fdmi detaily, kter\u00e9 ji d\u011blaj\u00ed zaj\u00edmav\u011bj\u0161\u00ed a l\u00edbiv\u011bj\u0161\u00ed. Prakti\u010dnost spat\u0159\u00edte tak\u00e9 v jej\u00edm no\u0161en\u00ed \u2013 d\u00e1 se toti\u017e nosit jak klasicky p\u0159es rameno, tak i v ruce nebo na p\u0159edlokt\u00ed. Je to jen na v\u00e1s, co v\u00e1m vyhovuje. Investujte do kvalitn\u00ed italsk\u00e9 zna\u010dky s ov\u011b\u0159enou kvalitou. Tato ta\u0161ka v\u00e1s ur\u010dit\u011b nezklame a spln\u00ed i ty nejn\u00e1ro\u010dn\u011bj\u0161\u00ed po\u017eadavky.                                                                                                                                                                                                                                                                                                                                                                                                   "},{"@context":"https:\/\/schema.org\/","@type":"BreadcrumbList","itemListElement":[{"@type":"ListItem","position":1,"name":"Jakou zvolit barvu kabelky \u2013 vsa\u010fte na oran\u017eovou","item":"https:\/\/www.interkit.cz\/jakou-zvolit-barvu-kabelky-vsadte-na-oranzovou\/#breadcrumbitem"}]}]