[{"@context":"https:\/\/schema.org\/","@type":"Article","@id":"https:\/\/www.interkit.cz\/krecik-versus-krecek\/#Article","mainEntityOfPage":"https:\/\/www.interkit.cz\/krecik-versus-krecek\/","headline":"K\u0159e\u010d\u00edk versus k\u0159e\u010dek","name":"K\u0159e\u010d\u00edk versus k\u0159e\u010dek","description":"Ano i my dosp\u011bl\u00ed ob\u010das zatou\u017e\u00edme po n\u011bjak\u00e9m tom zv\u00ed\u0159\u00e1tku, nen\u00ed na tom p\u0159ece nic \u0161patn\u00e9ho. Pokud se v\u0161ak.","datePublished":"2023-05-06","dateModified":"2023-05-06","author":{"@type":"Person","@id":"https:\/\/www.interkit.cz\/author\/devene\/#Person","name":"devene","url":"https:\/\/www.interkit.cz\/author\/devene\/","identifier":1,"image":{"@type":"ImageObject","@id":"https:\/\/secure.gravatar.com\/avatar\/75822ebcb33f26a58f54da5d813b950f2ea435f36540e293975e215a51d4a023?s=96&d=mm&r=g","url":"https:\/\/secure.gravatar.com\/avatar\/75822ebcb33f26a58f54da5d813b950f2ea435f36540e293975e215a51d4a023?s=96&d=mm&r=g","height":96,"width":96}},"publisher":{"@type":"Organization","name":"interkit.cz","logo":{"@type":"ImageObject","@id":"\/logo.png","url":"\/logo.png","width":600,"height":60}},"image":{"@type":"ImageObject","@id":"https:\/\/www.interkit.cz\/wp-content\/uploads\/img_a310802_w2193_t1521713305.jpg","url":"https:\/\/www.interkit.cz\/wp-content\/uploads\/img_a310802_w2193_t1521713305.jpg","height":0,"width":0},"url":"https:\/\/www.interkit.cz\/krecik-versus-krecek\/","wordCount":446,"articleBody":"Ano i my dosp\u011bl\u00ed ob\u010das zatou\u017e\u00edme po n\u011bjak\u00e9m tom zv\u00ed\u0159\u00e1tku, nen\u00ed na tom p\u0159ece nic \u0161patn\u00e9ho. Pokud se v\u0161ak nechceme \u010dasov\u011b v\u00e1zat na \u010dty\u0159noh\u00e9 \u0161t\u011bkaj\u00edc\u00ed, m\u0148oukaj\u00edc\u00ed nebo jin\u00e9 kamar\u00e1dy m\u00e1me mo\u017enost po\u0159\u00eddit k\u0159e\u010dky nebo k\u0159e\u010d\u00edky. Nen\u00ed mezi nimi a\u017e tak velk\u00fd rozd\u00edl, ka\u017edop\u00e1dn\u011b v\u00fdb\u011br je ur\u010dit\u011b nejd\u016fle\u017eit\u011bj\u0161\u00ed. Vybavit se mus\u00edme tak\u00e9 vhodnou klec\u00ed v\u010detn\u011b z\u00e1kladn\u00edho vybaven\u00ed. Pr\u00e1v\u011b samotn\u00e9 z\u00e1zem\u00ed je ve finan\u010dn\u00edm sm\u011bru t\u00edm nejdra\u017e\u0161\u00edm, proto\u017ee za po\u0159\u00edzen\u00ed takov\u00e9 mal\u00e9 \u201emy\u0161ky\u201c d\u00e1me p\u00e1r korun. Za zm\u00ednku stoj\u00ed d\u016fle\u017eit\u00fd fakt, \u017ee tito hlodavci jsou nen\u00e1ro\u010dn\u00ed samot\u00e1\u0159i, ale z\u00e1rove\u0148 no\u010dn\u00ed tvorov\u00e9 a pr\u016fm\u011brn\u00e1 d\u00e9lka \u017eivota je 2 \u2013 3 roky.\u00a0K\u0159e\u010d\u00edk roborovsk\u00fd\u2013 m\u016f\u017eeme \u0159\u00edct, \u017ee jde snad o ten nejdrobn\u011bj\u0161\u00ed druh, kter\u00fd je maxim\u00e1ln\u011b 5 cm velk\u00fd, zbarven\u00fd do \u0161edohn\u011bd\u00e1 a po boc\u00edch a na b\u0159ichu b\u00fdv\u00e1 v\u011bt\u0161inou b\u00edl\u00fd. N\u011bkdy m\u016f\u017eeme narazit i na zcela b\u00edl\u00e9ho jedince. Jeho typick\u00fdm chov\u00e1n\u00edm je rychl\u00fd b\u011bh a nesnadn\u00e9 chycen\u00ed do rukou.\u00a0K\u0159e\u010dek d\u017eungarsk\u00fd \u2013 se ozna\u010duje jak\u00fdmsi st\u0159edem. Mo\u017en\u00e1 z toho d\u016fvodu \u017ee je st\u0159edn\u011b velk\u00fd. V dosp\u011blosti je velk\u00fd zhruba 10 cm. Tento druh k\u0159e\u010dka m\u00e1 tmav\u00fd prou\u017eek od hlavy a\u017e k zade\u010dku a v\u011bt\u0161inou m\u00e1 srst zbarvenou \u0161edou a b\u00edlou barvou.\u00a0K\u0159e\u010dek syrsk\u00fd zn\u00e1m\u00fd tak\u00e9 jako k\u0159e\u010dek zlat\u00fd \u2013 je to nejv\u011bt\u0161\u00ed a tak\u00e9 nejobl\u00edben\u011bj\u0161\u00ed druh k\u0159e\u010dka. Jeho d\u00e9lka m\u016f\u017ee b\u00fdt a\u017e 17 cm. Av\u0161ak je ze v\u0161ech nejpomalej\u0161\u00ed a jeho barvy srsti jsou r\u016fzn\u00e9. Nav\u00edc m\u016f\u017ee m\u00edt dlouh\u00fd ko\u017e\u00ed\u0161ek, kter\u00fd se d\u00e1 i vy\u010des\u00e1vat.\u00a0\u00a0Tak u\u017e m\u00e1me p\u0159edstavu, zda zvol\u00edme k\u0159e\u010d\u00edka nebo k\u0159e\u010dka? Pokud stoj\u00edme o zv\u00ed\u0159\u00e1tko s rodokmenem, z registrovan\u00e9ho chovu doporu\u010dujeme koupi zv\u00e1\u017eit u chovatele na p\u0159\u00edpadn\u00e9m trhu nebo burze. V dne\u0161n\u00ed dob\u011b jsou bohu\u017eel ve zverimexech hlodavci v\u011bt\u0161inou podstatn\u011b star\u0161\u00ed, dokonce a\u017e jednoho roku. Takov\u00e9 zv\u00ed\u0159\u00e1tko je pak t\u011b\u017ek\u00e9 ocho\u010dit si sv\u00fdm zp\u016fsobem. Proto nen\u00ed na \u0161kodu nav\u0161t\u00edvit v\u00edce prodejen. Je to jist\u011b nejrozumn\u011bj\u0161\u00ed \u0159e\u0161en\u00ed a v\u00fdb\u011br toho prav\u00e9ho zv\u00ed\u0159ec\u00edho kamar\u00e1da.\u00a0                                                                                                                                                                                                                                                                                                                                                                                                "},{"@context":"https:\/\/schema.org\/","@type":"BreadcrumbList","itemListElement":[{"@type":"ListItem","position":1,"name":"K\u0159e\u010d\u00edk versus k\u0159e\u010dek","item":"https:\/\/www.interkit.cz\/krecik-versus-krecek\/#breadcrumbitem"}]}]