[{"@context":"https:\/\/schema.org\/","@type":"Article","@id":"https:\/\/www.interkit.cz\/vychutnejte-si-vasi-jizdu\/#Article","mainEntityOfPage":"https:\/\/www.interkit.cz\/vychutnejte-si-vasi-jizdu\/","headline":"Vychutnejte si Va\u0161i j\u00edzdu","name":"Vychutnejte si Va\u0161i j\u00edzdu","description":"R\u00e1di byste si vylep\u0161ili svoje auto? Nav\u0161tivte na\u0161i internetovou str\u00e1nku a po\u0159\u00e1dn\u011b se pod\u00edvejte na v\u00fdhodn\u00e9 slu\u017eby, kter\u00e9 V\u00e1m.","datePublished":"2023-08-25","dateModified":"2023-08-25","author":{"@type":"Person","@id":"https:\/\/www.interkit.cz\/author\/devene\/#Person","name":"devene","url":"https:\/\/www.interkit.cz\/author\/devene\/","identifier":1,"image":{"@type":"ImageObject","@id":"https:\/\/secure.gravatar.com\/avatar\/75822ebcb33f26a58f54da5d813b950f2ea435f36540e293975e215a51d4a023?s=96&d=mm&r=g","url":"https:\/\/secure.gravatar.com\/avatar\/75822ebcb33f26a58f54da5d813b950f2ea435f36540e293975e215a51d4a023?s=96&d=mm&r=g","height":96,"width":96}},"publisher":{"@type":"Organization","name":"interkit.cz","logo":{"@type":"ImageObject","@id":"\/logo.png","url":"\/logo.png","width":600,"height":60}},"url":"https:\/\/www.interkit.cz\/vychutnejte-si-vasi-jizdu\/","wordCount":261,"articleBody":"R\u00e1di byste si vylep\u0161ili svoje auto? Nav\u0161tivte na\u0161i internetovou str\u00e1nku a po\u0159\u00e1dn\u011b se pod\u00edvejte na v\u00fdhodn\u00e9 slu\u017eby, kter\u00e9 V\u00e1m nab\u00edz\u00edme. D\u00edky autof\u00f3li\u00edm Brno posunete V\u00e1\u0161 v\u016fz na zcela jinou \u00farove\u0148. Nejen, \u017ee bude na pohled vypadat o hodn\u011b l\u00e9pe a v\u0161ichni V\u00e1m to budou z\u00e1vid\u011bt, ale pokud se rozhodnete a objedn\u00e1te si na\u0161e f\u00f3lie, tak si po\u0159\u00e1dn\u011b u\u017eijete cestov\u00e1n\u00ed. U\u017e V\u00e1m nebude nadm\u011brn\u00e9 teplo, nebudete se potit, kdy\u017e budete cestovat v letn\u00edm obdob\u00ed. Tak\u00e9 se V\u00e1m bude l\u00e9pe cestovat, kdy\u017e bude m\u00edt soukrom\u00ed a nikdo V\u00e1m neuvid\u00ed dovnit\u0159. Tak\u00e9 t\u00edm chr\u00e1n\u00edte sv\u00e9 sou\u010dasn\u00e9 sklo p\u0159ed po\u0161kr\u00e1b\u00e1n\u00edm a zvy\u0161ujete jeho odolnost v\u016f\u010di n\u00e1raz\u016fm a tlak\u016fm.Skv\u011bl\u00e1 nab\u00eddkaRozhodn\u011bte se pro na\u0161i firmu a my se V\u00e1m m\u016f\u017eeme zaru\u010dit, \u017ee nebudete litovat a budete maxim\u00e1ln\u011b spokojeni. Nab\u00edz\u00edme V\u00e1m ty nejni\u017e\u0161\u00ed ceny na trhu. Po celou, dlouhou dobu na\u0161eho p\u016fsoben\u00ed, m\u00e1me spousty zku\u0161enost\u00ed, kter\u00e9 um\u00edme vyu\u017e\u00edt. Boj\u00edte se, \u017ee by V\u00e1m instalace zabrala moc \u010dasu? Tak to V\u00e1s vyvedeme z omylu. Cel\u00e1 mont\u00e1\u017e trv\u00e1 maxim\u00e1ln\u011b pouh\u00fdch sto \u010dty\u0159icet minut. Nakupte u n\u00e1s a budete spokojeni. Moc dlouho o tom nep\u0159em\u00fd\u0161lejte a objednejte se online na na\u0161ich str\u00e1nk\u00e1ch.                                                                                                                                                                                                                                                                                                                                                                                                "},{"@context":"https:\/\/schema.org\/","@type":"BreadcrumbList","itemListElement":[{"@type":"ListItem","position":1,"name":"Vychutnejte si Va\u0161i j\u00edzdu","item":"https:\/\/www.interkit.cz\/vychutnejte-si-vasi-jizdu\/#breadcrumbitem"}]}]